{"id":8770,"date":"2019-09-12T16:33:38","date_gmt":"2019-09-12T14:33:38","guid":{"rendered":"https:\/\/aedic.eu\/?p=8770"},"modified":"2019-09-12T16:33:38","modified_gmt":"2019-09-12T14:33:38","slug":"boko-haram-paul-biya-sostiene-i-membri-del-comitato-di-vigilanza-contro-il-terrorismo-nel-nord-del-camerun","status":"publish","type":"post","link":"https:\/\/aedic.eu\/fr\/boko-haram\/boko-haram-paul-biya-soutient-les-membres-du-comite-de-vigilance-contre-le-terrorisme-au-nord-cameroun\/","title":{"rendered":"Boko Haram : Paul Biya soutient les membres du comit\u00e9 de vigilance contre le terrorisme dans le nord du Cameroun"},"content":{"rendered":"<h2><span class=\"ez-toc-section\" id=\"Combattere_Boko_Haram_Questa_e_la_parola_dordine\"><\/span><strong>Combattre Boko Haram.\u00a0<\/strong>Tel est le mot d'ordre.<span class=\"ez-toc-section-end\"><\/span><\/h2>\n<h2><span class=\"ez-toc-section\" id=\"E_Paul_Biya_il_presidente_del_Camerun_che_sostiene_e_invia_donazioni_ai_membri_del_comitato_di_vigilanza_che_combattono_Boko_Haram_nel_Nord_del_Paese\"><\/span>C'est Paul Biya, le pr\u00e9sident du Cameroun, qui soutient et envoie des dons aux membres du SC qui luttent. <strong>Boko Haram <\/strong>dans le nord du pays.<span class=\"ez-toc-section-end\"><\/span><\/h2>\n<p><strong>Le chef d'\u00c9tat du Cameroun, le pr\u00e9sident Paul Biya,<\/strong> s'emploie \u00e0 soutenir les membres des groupes locaux de vigilance et de d\u00e9fense de Kousseri, dans la r\u00e9gion de l'Extr\u00eame-Nord, qui s'efforcent de repousser les incursions du groupe.<strong> Boko Haram djihadiste<\/strong><\/p><div id=\"ez-toc-container\" class=\"ez-toc-v2_0_82_2 counter-hierarchy ez-toc-counter ez-toc-white ez-toc-container-direction\">\n<div class=\"ez-toc-title-container\">\n<p class=\"ez-toc-title\" style=\"cursor:inherit\">Index<\/p>\n<span class=\"ez-toc-title-toggle\"><a href=\"#\" class=\"ez-toc-pull-right ez-toc-btn ez-toc-btn-xs ez-toc-btn-default ez-toc-toggle\" aria-label=\"Toggle Table des mati\u00e8res\"><span class=\"ez-toc-js-icon-con\"><span class=\"\"><span class=\"eztoc-hide\" style=\"display:none;\">Toggle<\/span><span class=\"ez-toc-icon-toggle-span\"><svg style=\"fill: #1e73be;color:#1e73be\" xmlns=\"http:\/\/www.w3.org\/2000\/svg\" class=\"list-377408\" width=\"20px\" height=\"20px\" viewbox=\"0 0 24 24\" fill=\"none\"><path d=\"M6 6H4v2h2V6zm14 0H8v2h12V6zM4 11h2v2H4v-2zm16 0H8v2h12v-2zM4 16h2v2H4v-2zm16 0H8v2h12v-2z\" fill=\"currentColor\"><\/path><\/svg><svg style=\"fill: #1e73be;color:#1e73be\" class=\"arrow-unsorted-368013\" xmlns=\"http:\/\/www.w3.org\/2000\/svg\" width=\"10px\" height=\"10px\" viewbox=\"0 0 24 24\" version=\"1.2\" baseprofile=\"tiny\"><path d=\"M18.2 9.3l-6.2-6.3-6.2 6.3c-.2.2-.3.4-.3.7s.1.5.3.7c.2.2.4.3.7.3h11c.3 0 .5-.1.7-.3.2-.2.3-.5.3-.7s-.1-.5-.3-.7zM5.8 14.7l6.2 6.3 6.2-6.3c.2-.2.3-.5.3-.7s-.1-.5-.3-.7c-.2-.2-.4-.3-.7-.3h-11c-.3 0-.5.1-.7.3-.2.2-.3.5-.3.7s.1.5.3.7z\"\/><\/svg><\/span><\/span><\/span><\/a><\/span><\/div>\n<nav><ul class='ez-toc-list ez-toc-list-level-1' ><li class='ez-toc-page-1 ez-toc-heading-level-2'><a class=\"ez-toc-link ez-toc-heading-1\" href=\"https:\/\/aedic.eu\/fr\/boko-haram\/boko-haram-paul-biya-soutient-les-membres-du-comite-de-vigilance-contre-le-terrorisme-au-nord-cameroun\/#Combattere_Boko_Haram_Questa_e_la_parola_dordine\" >Combattre Boko Haram. Tel est le mot d'ordre.<\/a><\/li><li class='ez-toc-page-1 ez-toc-heading-level-2'><a class=\"ez-toc-link ez-toc-heading-2\" href=\"https:\/\/aedic.eu\/fr\/boko-haram\/boko-haram-paul-biya-soutient-les-membres-du-comite-de-vigilance-contre-le-terrorisme-au-nord-cameroun\/#E_Paul_Biya_il_presidente_del_Camerun_che_sostiene_e_invia_donazioni_ai_membri_del_comitato_di_vigilanza_che_combattono_Boko_Haram_nel_Nord_del_Paese\" >C'est Paul Biya, le pr\u00e9sident du Cameroun, qui soutient et envoie des dons aux membres du comit\u00e9 de vigilance qui lutte contre Boko Haram dans le nord du pays.<\/a><\/li><\/ul><\/nav><\/div>\n\n<p><!--more--><\/p>\n<p>Une assistance et un soutien particuliers ont \u00e9t\u00e9 apport\u00e9s aux groupes d'autod\u00e9fense du Logone et du Chari le samedi 17 ao\u00fbt 2019 par Midjiyawa Bakary, gouverneur de la r\u00e9gion de l'Extr\u00eame-Nord. Selon les autorit\u00e9s, le paquet antiterroriste lanc\u00e9 par le pr\u00e9sident de la R\u00e9publique renforcera les groupes d'autod\u00e9fense dans la lutte contre les terroristes de l'Extr\u00eame-Nord. <strong>Boko Haram<\/strong> et qu'il s'agit d'une reconnaissance de la contribution des groupes d'autod\u00e9fense \u00e0 la lutte contre le terrorisme.<\/p>\n<blockquote><p><strong>\"C'est la rentr\u00e9e scolaire, et la plupart des membres des comit\u00e9s d'autod\u00e9fense sont des parents, ils abandonnent toutes leurs activit\u00e9s quotidiennes pour se consacrer \u00e0 la protection du territoire national\". C'est pourquoi le chef de l'\u00c9tat a d\u00e9cid\u00e9 d'accorder cette aide mat\u00e9rielle et financi\u00e8re\", a d\u00e9clar\u00e9 le gouverneur de l'Extr\u00eame-Nord aux m\u00e9dias d'\u00c9tat.<\/strong><\/p><\/blockquote>\n<figure id=\"attachment_8958\" aria-describedby=\"caption-attachment-8958\" style=\"width: 710px\" class=\"wp-caption alignnone\"><img loading=\"lazy\" decoding=\"async\" class=\"wp-image-8958 size-full\" src=\"https:\/\/aedic.eu\/wp-content\/uploads\/2019\/09\/boko-haram-terrorristi-nord-camerun-nigeria.jpg\" alt=\"boko-haram-terroristes-nord-cameroun-nigeria\" width=\"720\" height=\"375\" title=\"\"><figcaption id=\"caption-attachment-8958\" class=\"wp-caption-text\">Terroristes de Boko Haram<\/figcaption><\/figure>\n<p><strong>Avec un \u00e9quipement rudimentaire, les groupes d'autod\u00e9fense ont r\u00e9ussi \u00e0 repousser Boko Haram.<\/strong> et de les emp\u00eacher de terroriser le d\u00e9partement du Logone et du Chari. Certains membres de ces groupes ont m\u00eame perdu la vie dans la d\u00e9fense du territoire de Caerun.<\/p>\n<blockquote><p><strong>\"Avant les f\u00e9licitations, il y a une autre mission que le chef de l'Etat leur a confi\u00e9e, celle de promouvoir la coexistence dans le pays\", a-t-il d\u00e9clar\u00e9. a d\u00e9clar\u00e9 le gouverneur Bakary.<\/strong><\/p><\/blockquote>\n<p>Le programme d'assistance du chef de l'\u00c9tat, qui n'est pas le premier du genre, comprend des denr\u00e9es alimentaires telles que des sacs de riz, de ma\u00efs et d'arachides, ainsi que des d\u00e9tecteurs de m\u00e9taux portables, des torches, des t\u00e9l\u00e9phones, des pi\u00e8ces d\u00e9tach\u00e9es pour motos et v\u00e9los, des mackintoshes et des cabines.<\/p>\n<p>La somme allou\u00e9e de 05 millions de FCFA fait partie de l'allocation pr\u00e9sidentielle au meilleur groupe de d\u00e9fense.<\/p>\n<p><strong>La mont\u00e9e en puissance de Boko Haram au Nigeria<\/strong> et son extension \u00e0 d'autres parties du bassin du lac Tchad ont d\u00e9clench\u00e9 la prolif\u00e9ration de diverses forces de d\u00e9fense communautaires spontan\u00e9es, \u00e9galement connues sous le nom de groupes d'autod\u00e9fense camerounais.<\/p>\n<p>En r\u00e9ponse aux attaques de <em>Boko Haram<\/em>la population locale s'est autod\u00e9termin\u00e9e et a reconstitu\u00e9 les groupes d'autod\u00e9fense autochtones qui \u00e9taient efficaces pour sa survie, avec l'id\u00e9e qu'ils seraient efficaces dans la lutte contre les terroristes de Boko Haram.<\/p>\n<p>Au sommet de ses activit\u00e9s <strong>Boko Haram<\/strong> Entre 2009 et 2015, ils ont attaqu\u00e9 un certain nombre de cibles, semant la mort et la destruction dans leur sillage. Ces cibles comprennent des \u00e9glises, des mosqu\u00e9es, des \u00e9coles, des universit\u00e9s, des march\u00e9s, des postes de police et m\u00eame des installations militaires. Ils ont bombard\u00e9 des lieux, tu\u00e9 et viol\u00e9 des femmes, assassin\u00e9 des enfants, pris des otages et occup\u00e9 des territoires par la force des armes.<\/p>\n<p>C'est pourquoi le pr\u00e9sident Biya a encourag\u00e9 aujourd'hui les groupes d'autod\u00e9fense locaux \u00e0 s'int\u00e9grer et \u00e0 coop\u00e9rer avec les forces de s\u00e9curit\u00e9.<\/p>","protected":false},"excerpt":{"rendered":"<p>Combattre Boko Haram. Tel est le mot d'ordre. C'est Paul Biya le pr\u00e9sident du Cameroun qui soutient et envoie des dons aux membres du comit\u00e9 de vigilance qui lutte contre Boko Haram dans le nord du pays. Le chef de l'\u00c9tat camerounais, le pr\u00e9sident Paul Biya, s'emploie \u00e0 soutenir ... <\/p>\n<p class=\"read-more-container\"><a title=\"Boko Haram : Paul Biya soutient les membres du comit\u00e9 de vigilance contre le terrorisme dans le nord du Cameroun\" class=\"read-more button\" href=\"https:\/\/aedic.eu\/fr\/boko-haram\/boko-haram-paul-biya-soutient-les-membres-du-comite-de-vigilance-contre-le-terrorisme-au-nord-cameroun\/#more-8770\" aria-label=\"Plus sur Boko Haram : Paul Biya soutient les membres du comit\u00e9 de vigilance contre le terrorisme dans le nord du Cameroun\">Lire plus<\/a><\/p>","protected":false},"author":1,"featured_media":8956,"comment_status":"closed","ping_status":"open","sticky":false,"template":"","format":"standard","meta":{"_acf_changed":false,"iawp_total_views":13,"footnotes":""},"categories":[17],"tags":[73,87,271,282,370],"acf":[],"_links":{"self":[{"href":"https:\/\/aedic.eu\/fr\/wp-json\/wp\/v2\/posts\/8770"}],"collection":[{"href":"https:\/\/aedic.eu\/fr\/wp-json\/wp\/v2\/posts"}],"about":[{"href":"https:\/\/aedic.eu\/fr\/wp-json\/wp\/v2\/types\/post"}],"author":[{"embeddable":true,"href":"https:\/\/aedic.eu\/fr\/wp-json\/wp\/v2\/users\/1"}],"replies":[{"embeddable":true,"href":"https:\/\/aedic.eu\/fr\/wp-json\/wp\/v2\/comments?post=8770"}],"version-history":[{"count":0,"href":"https:\/\/aedic.eu\/fr\/wp-json\/wp\/v2\/posts\/8770\/revisions"}],"wp:featuredmedia":[{"embeddable":true,"href":"https:\/\/aedic.eu\/fr\/wp-json\/wp\/v2\/media\/8956"}],"wp:attachment":[{"href":"https:\/\/aedic.eu\/fr\/wp-json\/wp\/v2\/media?parent=8770"}],"wp:term":[{"taxonomy":"category","embeddable":true,"href":"https:\/\/aedic.eu\/fr\/wp-json\/wp\/v2\/categories?post=8770"},{"taxonomy":"post_tag","embeddable":true,"href":"https:\/\/aedic.eu\/fr\/wp-json\/wp\/v2\/tags?post=8770"}],"curies":[{"name":"wp","href":"https:\/\/api.w.org\/{rel}","templated":true}]}}