{"id":10782,"date":"2021-11-03T13:59:09","date_gmt":"2021-11-03T12:59:09","guid":{"rendered":"https:\/\/aedic.eu\/?p=10782"},"modified":"2022-01-14T14:07:04","modified_gmt":"2022-01-14T13:07:04","slug":"si-insedia-il-nuovo-ambasciatore-ditalia-in-camerun-il-dr-filippo-scammacca-del-murgo-e-dell-agnone","status":"publish","type":"post","link":"https:\/\/aedic.eu\/fr\/travailler-en-afrique\/si-insedia-il-nuovo-ambasciatore-ditalia-in-camerun-il-dr-filippo-scammacca-del-murgo-e-dell-agnone\/","title":{"rendered":"Filippo Scammacca Del Murgo e Dell Agnone est le nouvel ambassadeur d'Italie en Afrique centrale."},"content":{"rendered":"<p><strong>Dr. Filippo Scammacca Del Murgo et Dell Agnone<\/strong> Le nouvel ambassadeur d'Italie \u00e0 Yaound\u00e9, Cameroun, (Afrique centrale avec un mandat \u00e9galement pour le Tchad et la R\u00e9publique centrafricaine, est le ministre pl\u00e9nipotentiaire Filippo Scammacca del Murgo. Le diplomate italien succ\u00e8de \u00e0 son coll\u00e8gue Marco Romiti, en poste depuis 2017. <\/p><div id=\"ez-toc-container\" class=\"ez-toc-v2_0_82_2 counter-hierarchy ez-toc-counter ez-toc-white ez-toc-container-direction\">\n<div class=\"ez-toc-title-container\">\n<p class=\"ez-toc-title\" style=\"cursor:inherit\">Index<\/p>\n<span class=\"ez-toc-title-toggle\"><a href=\"#\" class=\"ez-toc-pull-right ez-toc-btn ez-toc-btn-xs ez-toc-btn-default ez-toc-toggle\" aria-label=\"Toggle Table des mati\u00e8res\"><span class=\"ez-toc-js-icon-con\"><span class=\"\"><span class=\"eztoc-hide\" style=\"display:none;\">Toggle<\/span><span class=\"ez-toc-icon-toggle-span\"><svg style=\"fill: #1e73be;color:#1e73be\" xmlns=\"http:\/\/www.w3.org\/2000\/svg\" class=\"list-377408\" width=\"20px\" height=\"20px\" viewbox=\"0 0 24 24\" fill=\"none\"><path d=\"M6 6H4v2h2V6zm14 0H8v2h12V6zM4 11h2v2H4v-2zm16 0H8v2h12v-2zM4 16h2v2H4v-2zm16 0H8v2h12v-2z\" fill=\"currentColor\"><\/path><\/svg><svg style=\"fill: #1e73be;color:#1e73be\" class=\"arrow-unsorted-368013\" xmlns=\"http:\/\/www.w3.org\/2000\/svg\" width=\"10px\" height=\"10px\" viewbox=\"0 0 24 24\" version=\"1.2\" baseprofile=\"tiny\"><path d=\"M18.2 9.3l-6.2-6.3-6.2 6.3c-.2.2-.3.4-.3.7s.1.5.3.7c.2.2.4.3.7.3h11c.3 0 .5-.1.7-.3.2-.2.3-.5.3-.7s-.1-.5-.3-.7zM5.8 14.7l6.2 6.3 6.2-6.3c.2-.2.3-.5.3-.7s-.1-.5-.3-.7c-.2-.2-.4-.3-.7-.3h-11c-.3 0-.5.1-.7.3-.2.2-.3.5-.3.7s.1.5.3.7z\"\/><\/svg><\/span><\/span><\/span><\/a><\/span><\/div>\n<nav><ul class='ez-toc-list ez-toc-list-level-1' ><li class='ez-toc-page-1 ez-toc-heading-level-2'><a class=\"ez-toc-link ez-toc-heading-1\" href=\"https:\/\/aedic.eu\/fr\/travailler-en-afrique\/si-insedia-il-nuovo-ambasciatore-ditalia-in-camerun-il-dr-filippo-scammacca-del-murgo-e-dell-agnone\/#La_sua_carriera_diplomatica\" >Sa carri\u00e8re diplomatique<\/a><ul class='ez-toc-list-level-3' ><li class='ez-toc-heading-level-3'><a class=\"ez-toc-link ez-toc-heading-2\" href=\"https:\/\/aedic.eu\/fr\/travailler-en-afrique\/si-insedia-il-nuovo-ambasciatore-ditalia-in-camerun-il-dr-filippo-scammacca-del-murgo-e-dell-agnone\/#Sulle_tracce_di_Livingstone\" >Sur les traces de Livingstone<\/a><\/li><\/ul><\/li><\/ul><\/nav><\/div>\n\n\n\n\n<!--more-->\n\n\n\n<p>L'ambassadeur entrant a d\u00e9clar\u00e9 :<\/p>\n\n\n\n<blockquote><p>\"Au Cameroun, au Tchad et en R\u00e9publique centrafricaine, je contribuerai \u00e0 construire des ponts permettant de faciliter les relations politiques et les activit\u00e9s des entreprises, des institutions, de la soci\u00e9t\u00e9 civile et des populations\",<\/p><wp-block data-block=\"core\/more\"><\/wp-block><\/blockquote>\n\n\n\n<h2 class=\"wp-block-heading\"><span class=\"ez-toc-section\" id=\"La_sua_carriera_diplomatica\"><\/span>Sa carri\u00e8re diplomatique<span class=\"ez-toc-section-end\"><\/span><\/h2>\n\n\n\n<p><em>Filippo Scammacca del Murgo entame une carri\u00e8re diplomatique<\/em> en 1985, suivant ainsi les traces de son p\u00e8re et de son grand-p\u00e8re. Il a commenc\u00e9 au bureau des affaires politiques, avant d'\u00eatre transf\u00e9r\u00e9 \u00e0 Buenos Aires en 1989 et \u00e0 Freiburg en 1991, jusqu'en 1994. Il est ensuite retourn\u00e9 en Italie, toujours aux Affaires politiques jusqu'en 1998, date \u00e0 laquelle il a \u00e9t\u00e9 transf\u00e9r\u00e9 pour la premi\u00e8re fois sur le continent pour lequel il a d\u00e9velopp\u00e9 une forte affection.<\/p>\n\n\n\n<div class=\"wp-block-image\"><figure class=\"alignleft\"><img decoding=\"async\" src=\"https:\/\/aedic.eu\/wp-content\/uploads\/2021\/11\/dr-filippo-scammacca-del-murgo-e-del-agnone-mentre-presenta-lettera-di-credenziali-a-l-presidnete-del-Botswana.jpg\" alt=\"Le Dr Filippo Scammacca de Murgo et Agnone pr\u00e9sente une lettre de cr\u00e9ance au Pr\u00e9sident du Botswana.\" class=\"wp-image-10786\" title=\"\"><\/figure><\/div>\n\n\n\n<p>Sur cette photo du 14 mars 2016, l'ambassadeur d'Italie au Botswana, Dr Filippo Scammacca Del Murgo et Dell Agnone, pr\u00e9sente ses lettres de cr\u00e9ance au pr\u00e9sident de la R\u00e9publique du Botswana, Son Excellence le lieutenant-g\u00e9n\u00e9ral Dr Seretse Khama Ian Khama.<\/p>\n\n\n\n<p>Le Botswana et l'Italie ont \u00e9tabli des relations diplomatiques en 1970 et ont coop\u00e9r\u00e9 dans de nombreux domaines tels que l'arm\u00e9e, l'\u00e9nergie, l'\u00e9ducation et autres.<\/p>\n\n\n\n<p>S'exprimant lors d'une interview avec les m\u00e9dias apr\u00e8s sa pr\u00e9sentation, il a soulign\u00e9 que son pays porte un int\u00e9r\u00eat croissant \u00e0 l'Afrique. Pour le <strong>Botswana<\/strong> La coop\u00e9ration a d\u00e9j\u00e0 \u00e9t\u00e9 initi\u00e9e avec la signature d'un protocole d'accord avec le ministre de l'environnement, de la faune et du tourisme, l'honorable Tshekedi Khama, sur les mesures d'adaptation au r\u00e9chauffement climatique.<\/p>\n\n\n\n<p>Entre 1998 et 2001, il \u00e9tait au Caire, et poursuivra sa carri\u00e8re en Afrique en Zambie, de 2015 \u00e0 2019. Il a \u00e9galement travaill\u00e9 dans la r\u00e9gion pendant son s\u00e9jour dans les bureaux de la coop\u00e9ration italienne, o\u00f9 il est charg\u00e9 des relations avec la Banque mondiale et la Banque africaine de d\u00e9veloppement entre 2006 et 2011 et dont il est le chef de d\u00e9partement entre 2020 et 2021.<\/p>\n\n\n\n<h3 class=\"wp-block-heading\"><span class=\"ez-toc-section\" id=\"Sulle_tracce_di_Livingstone\"><\/span>Sur les traces de Livingstone<span class=\"ez-toc-section-end\"><\/span><\/h3>\n\n\n\n<p><em>Ainsi qu'une passion pour l'Afrique,<\/em> ce qui l'a \u00e9galement incit\u00e9 \u00e0 publier un livre sur l'histoire des Italiens en Zambie et au Malawi, <em>Ambassadeur Filippo Scammacca del Murgo<\/em> a \u00e9galement servi en Allemagne, d'abord \u00e0 Berlin entre 2001 et 2006, puis au consulat de Munich entre 2011 et 2015.<\/p>\n\n\n\n<p><iframe loading=\"lazy\" title=\"Lecteur vid\u00e9o YouTube\" src=\"https:\/\/www.youtube.com\/embed\/1_P3DcsuY9k\" width=\"560\" height=\"315\" frameborder=\"0\" allowfullscreen=\"allowfullscreen\"><\/iframe><\/p>\n\n\n\n<p><strong>L'Association AEDIC, souhaite la bienvenue et le succ\u00e8s au nouvel Ambassadeur d'Afrique Centrale dans la puissante t\u00e2che d'\u00e9tablir et de renforcer les relations entre nos deux pays, notre association sera \u00e0 ses c\u00f4t\u00e9s pour l'aider dans ce grand projet de coop\u00e9ration internationale.<\/strong><\/p>","protected":false},"excerpt":{"rendered":"<p>Dr Filippo Scammacca Del Murgo et Dell Agnone est le nouvel ambassadeur d'Italie \u00e0 Yaound\u00e9, au Cameroun, (Afrique centrale avec un mandat \u00e9galement pour le Tchad et la R\u00e9publique centrafricaine, est le ministre pl\u00e9nipotentiaire Filippo Scammacca del Murgo. Le diplomate italien succ\u00e8de \u00e0 son coll\u00e8gue Marco Romiti, en poste depuis 2017.<\/p>","protected":false},"author":1,"featured_media":11029,"comment_status":"closed","ping_status":"closed","sticky":false,"template":"","format":"standard","meta":{"_acf_changed":false,"iawp_total_views":514,"footnotes":""},"categories":[14],"tags":[50,105,142,354],"acf":[],"_links":{"self":[{"href":"https:\/\/aedic.eu\/fr\/wp-json\/wp\/v2\/posts\/10782"}],"collection":[{"href":"https:\/\/aedic.eu\/fr\/wp-json\/wp\/v2\/posts"}],"about":[{"href":"https:\/\/aedic.eu\/fr\/wp-json\/wp\/v2\/types\/post"}],"author":[{"embeddable":true,"href":"https:\/\/aedic.eu\/fr\/wp-json\/wp\/v2\/users\/1"}],"replies":[{"embeddable":true,"href":"https:\/\/aedic.eu\/fr\/wp-json\/wp\/v2\/comments?post=10782"}],"version-history":[{"count":3,"href":"https:\/\/aedic.eu\/fr\/wp-json\/wp\/v2\/posts\/10782\/revisions"}],"predecessor-version":[{"id":11175,"href":"https:\/\/aedic.eu\/fr\/wp-json\/wp\/v2\/posts\/10782\/revisions\/11175"}],"wp:featuredmedia":[{"embeddable":true,"href":"https:\/\/aedic.eu\/fr\/wp-json\/wp\/v2\/media\/11029"}],"wp:attachment":[{"href":"https:\/\/aedic.eu\/fr\/wp-json\/wp\/v2\/media?parent=10782"}],"wp:term":[{"taxonomy":"category","embeddable":true,"href":"https:\/\/aedic.eu\/fr\/wp-json\/wp\/v2\/categories?post=10782"},{"taxonomy":"post_tag","embeddable":true,"href":"https:\/\/aedic.eu\/fr\/wp-json\/wp\/v2\/tags?post=10782"}],"curies":[{"name":"wp","href":"https:\/\/api.w.org\/{rel}","templated":true}]}}