{"id":10423,"date":"2020-09-09T20:47:25","date_gmt":"2020-09-09T18:47:25","guid":{"rendered":"https:\/\/aedic.eu\/?p=10423"},"modified":"2020-09-09T20:47:25","modified_gmt":"2020-09-09T18:47:25","slug":"camerun-assegnata-concessione-per-porto-di-kribi","status":"publish","type":"post","link":"https:\/\/aedic.eu\/fr\/kribi\/cameroun-awarded-concession-for-port-of-kribi\/","title":{"rendered":"ATTRIBUTION DE LA CONCESSION DE GESTION DU PORT DE KRIBI"},"content":{"rendered":"<div class=\"Grid-cell\">\n<div class=\"Grid-cell u-md-sizeFill u-lg-sizeFill u-lineHeight-l u-text-r-xs u-textSecondary\">\n<p>Un nouveau contrat de concession a \u00e9t\u00e9 sign\u00e9 pour le d\u00e9veloppement, l'exploitation et l'entretien de l'usine de traitement des eaux us\u00e9es. <strong>Terminal polyvalent de Kribi (KMT)<\/strong> au Cameroun.<\/p><div id=\"ez-toc-container\" class=\"ez-toc-v2_0_82_2 counter-hierarchy ez-toc-counter ez-toc-white ez-toc-container-direction\">\n<div class=\"ez-toc-title-container\">\n<p class=\"ez-toc-title\" style=\"cursor:inherit\">Index<\/p>\n<span class=\"ez-toc-title-toggle\"><a href=\"#\" class=\"ez-toc-pull-right ez-toc-btn ez-toc-btn-xs ez-toc-btn-default ez-toc-toggle\" aria-label=\"Toggle Table des mati\u00e8res\"><span class=\"ez-toc-js-icon-con\"><span class=\"\"><span class=\"eztoc-hide\" style=\"display:none;\">Toggle<\/span><span class=\"ez-toc-icon-toggle-span\"><svg style=\"fill: #1e73be;color:#1e73be\" xmlns=\"http:\/\/www.w3.org\/2000\/svg\" class=\"list-377408\" width=\"20px\" height=\"20px\" viewbox=\"0 0 24 24\" fill=\"none\"><path d=\"M6 6H4v2h2V6zm14 0H8v2h12V6zM4 11h2v2H4v-2zm16 0H8v2h12v-2zM4 16h2v2H4v-2zm16 0H8v2h12v-2z\" fill=\"currentColor\"><\/path><\/svg><svg style=\"fill: #1e73be;color:#1e73be\" class=\"arrow-unsorted-368013\" xmlns=\"http:\/\/www.w3.org\/2000\/svg\" width=\"10px\" height=\"10px\" viewbox=\"0 0 24 24\" version=\"1.2\" baseprofile=\"tiny\"><path d=\"M18.2 9.3l-6.2-6.3-6.2 6.3c-.2.2-.3.4-.3.7s.1.5.3.7c.2.2.4.3.7.3h11c.3 0 .5-.1.7-.3.2-.2.3-.5.3-.7s-.1-.5-.3-.7zM5.8 14.7l6.2 6.3 6.2-6.3c.2-.2.3-.5.3-.7s-.1-.5-.3-.7c-.2-.2-.4-.3-.7-.3h-11c-.3 0-.5.1-.7.3-.2.2-.3.5-.3.7s.1.5.3.7z\"\/><\/svg><\/span><\/span><\/span><\/a><\/span><\/div>\n<nav><ul class='ez-toc-list ez-toc-list-level-1' ><ul class='ez-toc-list-level-3' ><li class='ez-toc-heading-level-3'><a class=\"ez-toc-link ez-toc-heading-1\" href=\"https:\/\/aedic.eu\/fr\/kribi\/cameroun-awarded-concession-for-port-of-kribi\/#Gestire_il_rischio_in_Africa_con_calma_e_professionalita\" >G\u00e9rer le risque en Afrique avec calme et professionnalisme<\/a><\/li><li class='ez-toc-page-1 ez-toc-heading-level-3'><a class=\"ez-toc-link ez-toc-heading-2\" href=\"https:\/\/aedic.eu\/fr\/kribi\/cameroun-awarded-concession-for-port-of-kribi\/#Aedic_con_i_suoi_consulenti_ha_la_possibilita_di_farvi_entrare_in_Africa_Centrale_e_prendere_posizione_dove_sorgera_la_citta_industriale_di_Kribi\" >L'Aedic avec ses consultants a l'opportunit\u00e9 de vous amener en Afrique Centrale et de prendre une position o\u00f9 la ville industrielle de Kribi sera construite.<\/a><\/li><li class='ez-toc-page-1 ez-toc-heading-level-3'><a class=\"ez-toc-link ez-toc-heading-3\" href=\"https:\/\/aedic.eu\/fr\/kribi\/cameroun-awarded-concession-for-port-of-kribi\/#Guardate_questo_video_per_comprendere_meglio_di_cosa_stiamo_parlando\" >Regardez cette vid\u00e9o pour mieux comprendre de quoi nous parlons.<\/a><\/li><\/ul><\/li><li class='ez-toc-page-1 ez-toc-heading-level-2'><a class=\"ez-toc-link ez-toc-heading-4\" href=\"https:\/\/aedic.eu\/fr\/kribi\/cameroun-awarded-concession-for-port-of-kribi\/#che_cosa_volete_fare_ora\" >Que voulez-vous faire maintenant ?<\/a><\/li><\/ul><\/nav><\/div>\n\n<p class=\"u-text-p\"><strong>Attribution de la concession pour la gestion du port de Kribi<\/strong> - Ce seront les Philippins de la <strong>Services internationaux de terminaux \u00e0 conteneurs (ICTSI)<\/strong> \u00e0 g\u00e9rer pour le prochain <strong>25 ans<\/strong> les op\u00e9rations portuaires au terminal multifonctionnel du port de Kribi au Cameroun.<\/p>\n<p><!--more--><\/p>\n<p class=\"u-text-p\">C'est ce qu'ont rapport\u00e9 les m\u00e9dias sp\u00e9cialis\u00e9s, en annon\u00e7ant que le <a href=\"https:\/\/aedic.eu\/fr\/kribi-cameroun-afrique-centrale-2\/\"><strong>Port Autonome de Kribi (PAK)<\/strong><\/a> de la mission d'am\u00e9nagement, d'exploitation et d'entretien du terminal.<\/p>\n<p><strong>International Container Terminal Services, Inc (ICTSI)<\/strong> a conclu un accord avec le Port Autonome de Kribi (PAK). KMT, une filiale d'ICTSI, est d\u00e9sormais le concessionnaire officiel du PAK. <a href=\"https:\/\/aedic.eu\/fr\/kribi\/le-port-danversa-entreprises-avec-neuf-multinationales-pour-gerer-le-terminal-a-multiples-fins-du-port-de-kribi-dans-deux-ans\/\">du terminal polyvalent pour les 25 prochaines ann\u00e9es<\/a>.<\/p>\n<p><strong>Hans-Ole Madsen, premier vice-pr\u00e9sident et directeur r\u00e9gional de l'ICTSI pour l'Europe, le Moyen-Orient et l'Afrique, a d\u00e9clar\u00e9 : \"Nous sommes tr\u00e8s heureux d'\u00eatre ici :<\/strong><\/p>\n<blockquote><p><strong>\"L'ICTSI est tr\u00e8s fi\u00e8re de collaborer avec l'Union europ\u00e9enne. <a href=\"https:\/\/aedic.eu\/fr\/faire-des-affaires-en-afrique\/cacao-2019-2020-si-inizia-in-camerun-con-prezzi-sopra-ai-1000-fcfa-per-kg\/\">avec le Cameroun<\/a> et le port de Kribi pour l'exploitation et le d\u00e9veloppement du terminal polyvalent de Kribi\".<\/strong><\/p><\/blockquote>\n<p class=\"u-text-p\"><strong>Le terminal<\/strong> est un <a href=\"https:\/\/aedic.eu\/fr\/economie\/the-port-of-kribi-in-deep-water-and-open-from-1-march-2017\/\">port en eau profonde<\/a> nouveau b\u00e2timent situ\u00e9 \u00e0 150 kilom\u00e8tres au sud de Douala, sp\u00e9cialement con\u00e7u pour traiter les demandes d'aide de l'Union europ\u00e9enne. <strong>des services logistiques multifonctionnels,<\/strong> ainsi que des services de soutien \u00e0 l'industrie p\u00e9troli\u00e8re et gazi\u00e8re.<\/p>\n<blockquote>\n<p class=\"u-text-p\"><strong>Notre objectif en tant qu'entreprise est de faire du port de Kribi un moteur de croissance positive et durable\", a d\u00e9clar\u00e9 Hans-Ole Madsen, vice-pr\u00e9sident de l'ICTSI charg\u00e9 de l'Europe, du Moyen-Orient et de l'Afrique, \"L'ICTSI travaillera avec diligence pour fournir des services qui agissent comme un catalyseur pour l'\u00e9conomie de la r\u00e9gion de Kribi\". <a href=\"https:\/\/aedic.eu\/fr\/invest-in-camerun\/le-ministere-du-commerce-au-cameroun-soutient-lassociation-edic\/\">Commerce ext\u00e9rieur du Cameroun<\/a>promouvoir activement le corridor logistique de Kribi, qui comprend le Cameroun, le Tchad, la R\u00e9publique centrafricaine, la R\u00e9publique du Congo, la Guin\u00e9e \u00e9quatoriale et le Gabon\".\u00a0<\/strong><\/p>\n<\/blockquote>\n<p><strong style=\"font-size: 16px;\">Certaines parties de l'article proviennent de sources externes de la CIE et d'INFOAFRICA.<\/strong><\/p>\n<\/div>\n<h3 style=\"text-align: center;\"><span class=\"ez-toc-section\" id=\"Gestire_il_rischio_in_Africa_con_calma_e_professionalita\"><\/span><strong>G\u00e9rer le risque en Afrique avec calme et professionnalisme<\/strong><span class=\"ez-toc-section-end\"><\/span><\/h3>\n<p>&nbsp;<\/p>\n<p><strong>Gr\u00e2ce \u00e0 d'importantes reconnaissances bilat\u00e9rales et \u00e0 des collaborations avec des institutions, des agences portuaires, etc,<\/strong> pour votre perc\u00e9e \u00e9conomique en Afrique, <strong>AEDIC<\/strong> offre la possibilit\u00e9 d'entrer dans un port s\u00fbr, avec des avantages fiscaux et des all\u00e9gements fiscaux pendant 10 ans, des concessions et le faible co\u00fbt d'une main-d'\u0153uvre qualifi\u00e9e et hautement qualifi\u00e9e en <strong>emplacement central en AFRIQUE.<\/strong><\/p>\n<p><strong>Lorsque vous avez d\u00e9cid\u00e9 d'agir, nous vous fournissons tous les outils essentiels de gestion des risques tout au long du cycle de vie de l'investissement.<\/strong><\/p>\n<p><img loading=\"lazy\" decoding=\"async\" class=\"alignnone size-full wp-image-10694\" src=\"https:\/\/aedic.eu\/wp-content\/uploads\/2022\/01\/central-africa-kribi-africa-centrale.jpg\" alt=\"afrique-centrale-kribi-africa-centrale\" width=\"1440\" height=\"758\" title=\"\"><\/p>\n<p>&nbsp;<\/p>\n<h3 style=\"text-align: center;\"><span class=\"ez-toc-section\" id=\"Aedic_con_i_suoi_consulenti_ha_la_possibilita_di_farvi_entrare_in_Africa_Centrale_e_prendere_posizione_dove_sorgera_la_citta_industriale_di_Kribi\"><\/span>L'Aedic avec ses consultants a l'opportunit\u00e9 de vous amener en Afrique Centrale et de prendre une position o\u00f9 la ville industrielle de Kribi sera construite.<span class=\"ez-toc-section-end\"><\/span><\/h3>\n<h3 style=\"text-align: center;\"><span class=\"ez-toc-section\" id=\"Guardate_questo_video_per_comprendere_meglio_di_cosa_stiamo_parlando\"><\/span>Regardez cette vid\u00e9o pour mieux comprendre de quoi nous parlons.<span class=\"ez-toc-section-end\"><\/span><\/h3>\n<p>&nbsp;<\/p>\n<p>[su_youtube url=\"https:\/\/www.youtube.com\/watch?v=P0savsBM0CA\" title=\"investir en afrique \u00e0 Kribi (Cameroun)\"]<\/p>\n<p>&nbsp;<\/p>\n<h2 style=\"text-align: center;\"><span class=\"ez-toc-section\" id=\"che_cosa_volete_fare_ora\"><\/span>Que voulez-vous faire maintenant ?<span class=\"ez-toc-section-end\"><\/span><\/h2>\n<p>&nbsp;<\/p>\n<p><strong>si vous souhaitez prendre contact avec nous pour d\u00e9velopper votre opportunit\u00e9 d'affaires en Afrique, veuillez remplir le formulaire ci-dessous et un de nos consultants vous contactera dans les 24 heures.<\/strong><\/p>\n<p class=\"wpcf7-contact-form-not-found\"><strong>Erreur :<\/strong> Formulaire de contact non trouv\u00e9 !<\/p>\n<p>&nbsp;<\/p>\n<p>&nbsp;<\/p>\n<p>&nbsp;<\/p>\n<p>&nbsp;<\/p>\n<\/div>","protected":false},"excerpt":{"rendered":"<p>Un nouveau contrat de concession a \u00e9t\u00e9 sign\u00e9 pour le d\u00e9veloppement, l'exploitation et la maintenance du terminal polyvalent de Kribi (KMT) au Cameroun. Concession attribu\u00e9e pour la gestion du port de Kribi - Ce sont les Philippins d'International Container Terminal Services (ICTSI) qui g\u00e9reront pour les 25 prochaines ann\u00e9es ... <\/p>\n<p class=\"read-more-container\"><a title=\"ATTRIBUTION DE LA CONCESSION DE GESTION DU PORT DE KRIBI\" class=\"read-more button\" href=\"https:\/\/aedic.eu\/fr\/kribi\/cameroun-awarded-concession-for-port-of-kribi\/#more-10423\" aria-label=\"Plus sur CONCESSION ACCORD\u00c9E POUR LA GESTION DU PORT DE KRIBI\">Lire plus<\/a><\/p>","protected":false},"author":1,"featured_media":10426,"comment_status":"closed","ping_status":"closed","sticky":false,"template":"","format":"standard","meta":{"_acf_changed":false,"iawp_total_views":50,"footnotes":""},"categories":[10],"tags":[57,118,242,294,298],"acf":[],"_links":{"self":[{"href":"https:\/\/aedic.eu\/fr\/wp-json\/wp\/v2\/posts\/10423"}],"collection":[{"href":"https:\/\/aedic.eu\/fr\/wp-json\/wp\/v2\/posts"}],"about":[{"href":"https:\/\/aedic.eu\/fr\/wp-json\/wp\/v2\/types\/post"}],"author":[{"embeddable":true,"href":"https:\/\/aedic.eu\/fr\/wp-json\/wp\/v2\/users\/1"}],"replies":[{"embeddable":true,"href":"https:\/\/aedic.eu\/fr\/wp-json\/wp\/v2\/comments?post=10423"}],"version-history":[{"count":0,"href":"https:\/\/aedic.eu\/fr\/wp-json\/wp\/v2\/posts\/10423\/revisions"}],"wp:featuredmedia":[{"embeddable":true,"href":"https:\/\/aedic.eu\/fr\/wp-json\/wp\/v2\/media\/10426"}],"wp:attachment":[{"href":"https:\/\/aedic.eu\/fr\/wp-json\/wp\/v2\/media?parent=10423"}],"wp:term":[{"taxonomy":"category","embeddable":true,"href":"https:\/\/aedic.eu\/fr\/wp-json\/wp\/v2\/categories?post=10423"},{"taxonomy":"post_tag","embeddable":true,"href":"https:\/\/aedic.eu\/fr\/wp-json\/wp\/v2\/tags?post=10423"}],"curies":[{"name":"wp","href":"https:\/\/api.w.org\/{rel}","templated":true}]}}